{"id":15305,"date":"2019-06-06T16:26:16","date_gmt":"2019-06-06T15:26:16","guid":{"rendered":"https:\/\/bruxelles.unionsyndicale.eu\/?p=15305"},"modified":"2024-09-09T09:58:56","modified_gmt":"2024-09-09T08:58:56","slug":"fiscalite-espagnole-spanish-taxation-fiscalidad-espanola","status":"publish","type":"post","link":"https:\/\/bruxelles.unionsyndicale.eu\/en\/fiscalite-espagnole-spanish-taxation-fiscalidad-espanola\/","title":{"rendered":"Fiscalit\u00e9 espagnole &#8211; Spanish taxation \u2013 Fiscalidad Espa\u00f1ola"},"content":{"rendered":"<section class=\"l-section wpb_row height_auto\"><div class=\"l-section-h i-cf\"><div class=\"g-cols vc_row via_flex valign_top type_default stacking_default\"><div class=\"vc_col-sm-4 wpb_column vc_column_container\"><div class=\"vc_column-inner\"><div class=\"wpb_wrapper\"><div class=\"g-cols wpb_row via_flex valign_top type_default stacking_default\"><div class=\"vc_col-sm-12 wpb_column vc_column_container\"><div class=\"vc_column-inner\"><div class=\"wpb_wrapper\"><div class=\"wpb_text_column\"><div class=\"wpb_wrapper\"><h4 class=\"entry-title fusion-post-title fusion-responsive-typography-calculated\" style=\"text-align: center;\" data-fontsize=\"40\" data-lineheight=\"40px\"><em><strong>Fiscalit\u00e9 espagnole<\/strong><\/em><\/h4>\n<p class=\"fusion-responsive-typography-calculated\" style=\"text-align: center;\" data-fontsize=\"20\" data-lineheight=\"24px\"><em><strong>PROPRIETES OU BIENS EN ESPAGNE SANS Y RESIDER?<\/strong><\/em><em><strong>PROBLEMES AVEC A DECLARATION 720? <\/strong><\/em><em><strong>DOUTES CONCERNANT LES DONATIONS ET SUCCESSIONS?<\/strong><\/em><\/p>\n<p style=\"text-align: center;\"><em><strong>Conf\u00e9rence d\u00e9bat du jeudi 16 mai 2019 avec<\/strong><\/em><\/p>\n<p style=\"text-align: center;\"><strong>ALEJANDRO DEL CAMPO<br \/>\n<\/strong>Avocat, expert en droit fiscal<br \/>\nqui a mis en \u00e9chec l\u2019administration des finances espagnole devant<br \/>\nla Commission Europ\u00e9enne et la Cour de Justice de l\u2019UE<\/p>\n<\/div><\/div><\/div><\/div><\/div><\/div><\/div><\/div><\/div><div class=\"vc_col-sm-4 wpb_column vc_column_container\"><div class=\"vc_column-inner\"><div class=\"wpb_wrapper\"><div class=\"g-cols wpb_row via_flex valign_top type_default stacking_default\"><div class=\"vc_col-sm-12 wpb_column vc_column_container\"><div class=\"vc_column-inner\"><div class=\"wpb_wrapper\"><div class=\"wpb_text_column\"><div class=\"wpb_wrapper\"><h4 class=\"entry-title fusion-post-title fusion-responsive-typography-calculated\" style=\"text-align: center;\" data-fontsize=\"40\" data-lineheight=\"40px\"><em><strong>Spanish taxation<\/strong><\/em><\/h4>\n<p class=\"fusion-responsive-typography-calculated\" style=\"text-align: center;\" data-fontsize=\"20\" data-lineheight=\"24px\"><strong>TAX RESIDENCE IN SPAIN?<br \/>\n<\/strong><strong>PROPERTY OR GOODS IN SPAIN WITHOUT RESIDING?<\/strong><strong>PROBLEMS WITH DECLARATION 720?<br \/>\n<\/strong><strong>DOUBTS ABOUT DONATIONS AND SUCCESSIONS?<\/strong><\/p>\n<p style=\"text-align: center;\"><strong>ALEJANDRO DEL CAMPO<br \/>\n<\/strong>Lawyer, expert in tax law<br \/>\nthe lawyer who defeated the Spanish Tax Authorities in front of<br \/>\nthe European Commission and the European Court of Justice<\/p>\n<p style=\"text-align: center;\"><em><strong>The conference took place on Thursday 16 May 2019<\/strong><\/em><\/p>\n<\/div><\/div><\/div><\/div><\/div><\/div><\/div><\/div><\/div><div class=\"vc_col-sm-4 wpb_column vc_column_container\"><div class=\"vc_column-inner\"><div class=\"wpb_wrapper\"><div class=\"g-cols wpb_row via_flex valign_top type_default stacking_default\"><div class=\"vc_col-sm-12 wpb_column vc_column_container\"><div class=\"vc_column-inner\"><div class=\"wpb_wrapper\"><div class=\"wpb_text_column\"><div class=\"wpb_wrapper\"><h4 class=\"entry-title fusion-post-title fusion-responsive-typography-calculated\" style=\"text-align: center;\" data-fontsize=\"40\" data-lineheight=\"40px\"><em><strong>Fiscalidad Espa\u00f1ola<\/strong><\/em><\/h4>\n<p class=\"fusion-responsive-typography-calculated\" style=\"text-align: center;\" data-fontsize=\"20\" data-lineheight=\"24px\"><em><strong>RESIDENTE FISCAL EN ESPA\u00d1A?<br \/>\n<\/strong><\/em><em><strong>PROPIEDADES O BIENES ALLI SIN SER RESIDENTE?<\/strong><\/em><em><strong>PROBLEMAS CON LA DECLARACION 720?<br \/>\n<\/strong><\/em><em><strong>DUDAS SOBRE DONACIONES O SUCESIONES?<\/strong><\/em><\/p>\n<p style=\"text-align: center;\"><strong>Conferencia coloquio con<\/strong><\/p>\n<p style=\"text-align: center;\"><strong>ALEJANDRO DEL CAMPO<br \/>\n<\/strong>Abogado, fiscalista<\/p>\n<p style=\"text-align: center;\">La persona que ha puesto en jaque a la administraci\u00f3n fiscal espa\u00f1ola ante al Comisi\u00f3n y el TJUE<\/p>\n<p style=\"text-align: center;\"><em><strong>Jueves 16 de mayo 2019<\/strong><\/em><\/p>\n<\/div><\/div><\/div><\/div><\/div><\/div><\/div><\/div><\/div><\/div><\/div><\/section><section class=\"l-section wpb_row height_auto\"><div class=\"l-section-h i-cf\"><div class=\"g-cols vc_row via_flex valign_top type_default stacking_default\"><div class=\"vc_col-sm-12 wpb_column vc_column_container\"><div class=\"vc_column-inner\"><div class=\"wpb_wrapper\"><div class=\"w-separator size_huge\"><\/div><div class=\"g-cols wpb_row via_flex valign_top type_default stacking_default\"><div class=\"vc_col-sm-2 wpb_column vc_column_container\"><div class=\"vc_column-inner\"><div class=\"wpb_wrapper\"><\/div><\/div><\/div><div class=\"vc_col-sm-8 wpb_column vc_column_container\"><div class=\"vc_column-inner\"><div class=\"wpb_wrapper\"><div class=\"w-video align_center ratio_16x9 has_iframe\"><div class=\"w-video-h\"><iframe title=\"Youtube video player\" src=\"\/\/www.youtube.com\/embed\/6t2zXp_ajeI?autoplay=1&controls=1&origin=https:\/\/bruxelles.unionsyndicale.eu\/en\/&loop=0&mute=0\" allowfullscreen=\"1\" loading=\"lazy\"><\/iframe><\/div><\/div><\/div><\/div><\/div><div class=\"vc_col-sm-2 wpb_column vc_column_container\"><div class=\"vc_column-inner\"><div class=\"wpb_wrapper\"><\/div><\/div><\/div><\/div><\/div><\/div><\/div><\/div><\/div><\/section>\n","protected":false},"excerpt":{"rendered":"<p>Conf\u00e9rence d\u00e9bat du jeudi 16 mai 2019 avec  ALEJANDRO DEL CAMPO, Avocat, expert en droit fiscal qui a mis en \u00e9chec l\u2019administration des finances espagnole devant la Commission Europ\u00e9enne et la Cour de Justice de l\u2019UE<\/p>\n","protected":false},"author":2,"featured_media":15302,"comment_status":"open","ping_status":"open","sticky":false,"template":"","format":"standard","meta":{"footnotes":""},"categories":[214],"tags":[],"dossier-special":[],"class_list":["post-15305","post","type-post","status-publish","format-standard","has-post-thumbnail","hentry","category-follow-up-conferences"],"acf":[],"yoast_head":"<!-- This site is optimized with the Yoast SEO plugin v27.3 - https:\/\/yoast.com\/product\/yoast-seo-wordpress\/ -->\n<title>Spanish taxation<\/title>\n<meta name=\"description\" content=\"TAX RESIDENCE IN SPAIN? PROPERTY OR GOODS IN SPAIN WITHOUT RESIDING?PROBLEMS WITH DECLARATION 720? DOUBTS ABOUT DONATIONS AND SUCCESSIONS?\" \/>\n<meta name=\"robots\" content=\"index, follow, max-snippet:-1, max-image-preview:large, max-video-preview:-1\" \/>\n<link rel=\"canonical\" href=\"https:\/\/bruxelles.unionsyndicale.eu\/en\/fiscalite-espagnole-spanish-taxation-fiscalidad-espanola\/\" \/>\n<meta property=\"og:locale\" content=\"en_US\" \/>\n<meta property=\"og:type\" content=\"article\" \/>\n<meta property=\"og:title\" content=\"Spanish taxation\" \/>\n<meta property=\"og:description\" content=\"TAX RESIDENCE IN SPAIN? PROPERTY OR GOODS IN SPAIN WITHOUT RESIDING?PROBLEMS WITH DECLARATION 720? DOUBTS ABOUT DONATIONS AND SUCCESSIONS?\" \/>\n<meta property=\"og:url\" content=\"https:\/\/bruxelles.unionsyndicale.eu\/en\/fiscalite-espagnole-spanish-taxation-fiscalidad-espanola\/\" \/>\n<meta property=\"og:site_name\" content=\"Union Syndicale Bruxelles\" \/>\n<meta property=\"article:published_time\" content=\"2019-06-06T15:26:16+00:00\" \/>\n<meta property=\"article:modified_time\" content=\"2024-09-09T08:58:56+00:00\" \/>\n<meta property=\"og:image\" content=\"https:\/\/bruxelles.unionsyndicale.eu\/wp-content\/uploads\/2019\/06\/AdobeStock_91815945-scaled.jpeg\" \/>\n\t<meta property=\"og:image:width\" content=\"2560\" \/>\n\t<meta property=\"og:image:height\" content=\"1696\" \/>\n\t<meta property=\"og:image:type\" content=\"image\/jpeg\" \/>\n<meta name=\"author\" content=\"Editor\" \/>\n<meta name=\"twitter:card\" content=\"summary_large_image\" \/>\n<meta name=\"twitter:label1\" content=\"Written by\" \/>\n\t<meta name=\"twitter:data1\" content=\"Editor\" \/>\n\t<meta name=\"twitter:label2\" content=\"Est. reading time\" \/>\n\t<meta name=\"twitter:data2\" content=\"2 minutes\" \/>\n<script type=\"application\/ld+json\" class=\"yoast-schema-graph\">{\"@context\":\"https:\\\/\\\/schema.org\",\"@graph\":[{\"@type\":\"Article\",\"@id\":\"https:\\\/\\\/bruxelles.unionsyndicale.eu\\\/en\\\/fiscalite-espagnole-spanish-taxation-fiscalidad-espanola\\\/#article\",\"isPartOf\":{\"@id\":\"https:\\\/\\\/bruxelles.unionsyndicale.eu\\\/en\\\/fiscalite-espagnole-spanish-taxation-fiscalidad-espanola\\\/\"},\"author\":{\"name\":\"Editor\",\"@id\":\"https:\\\/\\\/bruxelles.unionsyndicale.eu\\\/en\\\/#\\\/schema\\\/person\\\/1f54b67cf7545ab1a09c045a5ea7305f\"},\"headline\":\"Fiscalit\u00e9 espagnole &#8211; Spanish taxation \u2013 Fiscalidad Espa\u00f1ola\",\"datePublished\":\"2019-06-06T15:26:16+00:00\",\"dateModified\":\"2024-09-09T08:58:56+00:00\",\"mainEntityOfPage\":{\"@id\":\"https:\\\/\\\/bruxelles.unionsyndicale.eu\\\/en\\\/fiscalite-espagnole-spanish-taxation-fiscalidad-espanola\\\/\"},\"wordCount\":303,\"commentCount\":0,\"image\":{\"@id\":\"https:\\\/\\\/bruxelles.unionsyndicale.eu\\\/en\\\/fiscalite-espagnole-spanish-taxation-fiscalidad-espanola\\\/#primaryimage\"},\"thumbnailUrl\":\"https:\\\/\\\/bruxelles.unionsyndicale.eu\\\/wp-content\\\/uploads\\\/2019\\\/06\\\/AdobeStock_91815945-scaled.jpeg\",\"articleSection\":[\"Follow-up Conferences\"],\"inLanguage\":\"en-US\",\"potentialAction\":[{\"@type\":\"CommentAction\",\"name\":\"Comment\",\"target\":[\"https:\\\/\\\/bruxelles.unionsyndicale.eu\\\/en\\\/fiscalite-espagnole-spanish-taxation-fiscalidad-espanola\\\/#respond\"]}]},{\"@type\":\"WebPage\",\"@id\":\"https:\\\/\\\/bruxelles.unionsyndicale.eu\\\/en\\\/fiscalite-espagnole-spanish-taxation-fiscalidad-espanola\\\/\",\"url\":\"https:\\\/\\\/bruxelles.unionsyndicale.eu\\\/en\\\/fiscalite-espagnole-spanish-taxation-fiscalidad-espanola\\\/\",\"name\":\"Spanish taxation\",\"isPartOf\":{\"@id\":\"https:\\\/\\\/bruxelles.unionsyndicale.eu\\\/en\\\/#website\"},\"primaryImageOfPage\":{\"@id\":\"https:\\\/\\\/bruxelles.unionsyndicale.eu\\\/en\\\/fiscalite-espagnole-spanish-taxation-fiscalidad-espanola\\\/#primaryimage\"},\"image\":{\"@id\":\"https:\\\/\\\/bruxelles.unionsyndicale.eu\\\/en\\\/fiscalite-espagnole-spanish-taxation-fiscalidad-espanola\\\/#primaryimage\"},\"thumbnailUrl\":\"https:\\\/\\\/bruxelles.unionsyndicale.eu\\\/wp-content\\\/uploads\\\/2019\\\/06\\\/AdobeStock_91815945-scaled.jpeg\",\"datePublished\":\"2019-06-06T15:26:16+00:00\",\"dateModified\":\"2024-09-09T08:58:56+00:00\",\"author\":{\"@id\":\"https:\\\/\\\/bruxelles.unionsyndicale.eu\\\/en\\\/#\\\/schema\\\/person\\\/1f54b67cf7545ab1a09c045a5ea7305f\"},\"description\":\"TAX RESIDENCE IN SPAIN? PROPERTY OR GOODS IN SPAIN WITHOUT RESIDING?PROBLEMS WITH DECLARATION 720? DOUBTS ABOUT DONATIONS AND SUCCESSIONS?\",\"breadcrumb\":{\"@id\":\"https:\\\/\\\/bruxelles.unionsyndicale.eu\\\/en\\\/fiscalite-espagnole-spanish-taxation-fiscalidad-espanola\\\/#breadcrumb\"},\"inLanguage\":\"en-US\",\"potentialAction\":[{\"@type\":\"ReadAction\",\"target\":[\"https:\\\/\\\/bruxelles.unionsyndicale.eu\\\/en\\\/fiscalite-espagnole-spanish-taxation-fiscalidad-espanola\\\/\"]}]},{\"@type\":\"ImageObject\",\"inLanguage\":\"en-US\",\"@id\":\"https:\\\/\\\/bruxelles.unionsyndicale.eu\\\/en\\\/fiscalite-espagnole-spanish-taxation-fiscalidad-espanola\\\/#primaryimage\",\"url\":\"https:\\\/\\\/bruxelles.unionsyndicale.eu\\\/wp-content\\\/uploads\\\/2019\\\/06\\\/AdobeStock_91815945-scaled.jpeg\",\"contentUrl\":\"https:\\\/\\\/bruxelles.unionsyndicale.eu\\\/wp-content\\\/uploads\\\/2019\\\/06\\\/AdobeStock_91815945-scaled.jpeg\",\"width\":2560,\"height\":1696,\"caption\":\"Spain flag waving on the sky. Spain symbol\"},{\"@type\":\"BreadcrumbList\",\"@id\":\"https:\\\/\\\/bruxelles.unionsyndicale.eu\\\/en\\\/fiscalite-espagnole-spanish-taxation-fiscalidad-espanola\\\/#breadcrumb\",\"itemListElement\":[{\"@type\":\"ListItem\",\"position\":1,\"name\":\"Home\",\"item\":\"https:\\\/\\\/bruxelles.unionsyndicale.eu\\\/en\\\/\"},{\"@type\":\"ListItem\",\"position\":2,\"name\":\"Fiscalit\u00e9 espagnole &#8211; Spanish taxation \u2013 Fiscalidad Espa\u00f1ola\"}]},{\"@type\":\"WebSite\",\"@id\":\"https:\\\/\\\/bruxelles.unionsyndicale.eu\\\/en\\\/#website\",\"url\":\"https:\\\/\\\/bruxelles.unionsyndicale.eu\\\/en\\\/\",\"name\":\"Union Syndicale Bruxelles\",\"description\":\"Partageons l&#039;exp\u00e9rience construisons la solidarit\u00e9\",\"potentialAction\":[{\"@type\":\"SearchAction\",\"target\":{\"@type\":\"EntryPoint\",\"urlTemplate\":\"https:\\\/\\\/bruxelles.unionsyndicale.eu\\\/en\\\/?s={search_term_string}\"},\"query-input\":{\"@type\":\"PropertyValueSpecification\",\"valueRequired\":true,\"valueName\":\"search_term_string\"}}],\"inLanguage\":\"en-US\"},{\"@type\":\"Person\",\"@id\":\"https:\\\/\\\/bruxelles.unionsyndicale.eu\\\/en\\\/#\\\/schema\\\/person\\\/1f54b67cf7545ab1a09c045a5ea7305f\",\"name\":\"Editor\",\"image\":{\"@type\":\"ImageObject\",\"inLanguage\":\"en-US\",\"@id\":\"https:\\\/\\\/secure.gravatar.com\\\/avatar\\\/22f880371df236225c024d6f45b43e72df0e2e99b74db7719f50c1162d0a5146?s=96&d=mm&r=g\",\"url\":\"https:\\\/\\\/secure.gravatar.com\\\/avatar\\\/22f880371df236225c024d6f45b43e72df0e2e99b74db7719f50c1162d0a5146?s=96&d=mm&r=g\",\"contentUrl\":\"https:\\\/\\\/secure.gravatar.com\\\/avatar\\\/22f880371df236225c024d6f45b43e72df0e2e99b74db7719f50c1162d0a5146?s=96&d=mm&r=g\",\"caption\":\"Editor\"},\"url\":\"https:\\\/\\\/bruxelles.unionsyndicale.eu\\\/en\\\/author\\\/asmayani-kusrini\\\/\"}]}<\/script>\n<!-- \/ Yoast SEO plugin. -->","yoast_head_json":{"title":"Spanish taxation","description":"TAX RESIDENCE IN SPAIN? PROPERTY OR GOODS IN SPAIN WITHOUT RESIDING?PROBLEMS WITH DECLARATION 720? DOUBTS ABOUT DONATIONS AND SUCCESSIONS?","robots":{"index":"index","follow":"follow","max-snippet":"max-snippet:-1","max-image-preview":"max-image-preview:large","max-video-preview":"max-video-preview:-1"},"canonical":"https:\/\/bruxelles.unionsyndicale.eu\/en\/fiscalite-espagnole-spanish-taxation-fiscalidad-espanola\/","og_locale":"en_US","og_type":"article","og_title":"Spanish taxation","og_description":"TAX RESIDENCE IN SPAIN? PROPERTY OR GOODS IN SPAIN WITHOUT RESIDING?PROBLEMS WITH DECLARATION 720? DOUBTS ABOUT DONATIONS AND SUCCESSIONS?","og_url":"https:\/\/bruxelles.unionsyndicale.eu\/en\/fiscalite-espagnole-spanish-taxation-fiscalidad-espanola\/","og_site_name":"Union Syndicale Bruxelles","article_published_time":"2019-06-06T15:26:16+00:00","article_modified_time":"2024-09-09T08:58:56+00:00","og_image":[{"width":2560,"height":1696,"url":"https:\/\/bruxelles.unionsyndicale.eu\/wp-content\/uploads\/2019\/06\/AdobeStock_91815945-scaled.jpeg","type":"image\/jpeg"}],"author":"Editor","twitter_card":"summary_large_image","twitter_misc":{"Written by":"Editor","Est. reading time":"2 minutes"},"schema":{"@context":"https:\/\/schema.org","@graph":[{"@type":"Article","@id":"https:\/\/bruxelles.unionsyndicale.eu\/en\/fiscalite-espagnole-spanish-taxation-fiscalidad-espanola\/#article","isPartOf":{"@id":"https:\/\/bruxelles.unionsyndicale.eu\/en\/fiscalite-espagnole-spanish-taxation-fiscalidad-espanola\/"},"author":{"name":"Editor","@id":"https:\/\/bruxelles.unionsyndicale.eu\/en\/#\/schema\/person\/1f54b67cf7545ab1a09c045a5ea7305f"},"headline":"Fiscalit\u00e9 espagnole &#8211; Spanish taxation \u2013 Fiscalidad Espa\u00f1ola","datePublished":"2019-06-06T15:26:16+00:00","dateModified":"2024-09-09T08:58:56+00:00","mainEntityOfPage":{"@id":"https:\/\/bruxelles.unionsyndicale.eu\/en\/fiscalite-espagnole-spanish-taxation-fiscalidad-espanola\/"},"wordCount":303,"commentCount":0,"image":{"@id":"https:\/\/bruxelles.unionsyndicale.eu\/en\/fiscalite-espagnole-spanish-taxation-fiscalidad-espanola\/#primaryimage"},"thumbnailUrl":"https:\/\/bruxelles.unionsyndicale.eu\/wp-content\/uploads\/2019\/06\/AdobeStock_91815945-scaled.jpeg","articleSection":["Follow-up Conferences"],"inLanguage":"en-US","potentialAction":[{"@type":"CommentAction","name":"Comment","target":["https:\/\/bruxelles.unionsyndicale.eu\/en\/fiscalite-espagnole-spanish-taxation-fiscalidad-espanola\/#respond"]}]},{"@type":"WebPage","@id":"https:\/\/bruxelles.unionsyndicale.eu\/en\/fiscalite-espagnole-spanish-taxation-fiscalidad-espanola\/","url":"https:\/\/bruxelles.unionsyndicale.eu\/en\/fiscalite-espagnole-spanish-taxation-fiscalidad-espanola\/","name":"Spanish taxation","isPartOf":{"@id":"https:\/\/bruxelles.unionsyndicale.eu\/en\/#website"},"primaryImageOfPage":{"@id":"https:\/\/bruxelles.unionsyndicale.eu\/en\/fiscalite-espagnole-spanish-taxation-fiscalidad-espanola\/#primaryimage"},"image":{"@id":"https:\/\/bruxelles.unionsyndicale.eu\/en\/fiscalite-espagnole-spanish-taxation-fiscalidad-espanola\/#primaryimage"},"thumbnailUrl":"https:\/\/bruxelles.unionsyndicale.eu\/wp-content\/uploads\/2019\/06\/AdobeStock_91815945-scaled.jpeg","datePublished":"2019-06-06T15:26:16+00:00","dateModified":"2024-09-09T08:58:56+00:00","author":{"@id":"https:\/\/bruxelles.unionsyndicale.eu\/en\/#\/schema\/person\/1f54b67cf7545ab1a09c045a5ea7305f"},"description":"TAX RESIDENCE IN SPAIN? PROPERTY OR GOODS IN SPAIN WITHOUT RESIDING?PROBLEMS WITH DECLARATION 720? DOUBTS ABOUT DONATIONS AND SUCCESSIONS?","breadcrumb":{"@id":"https:\/\/bruxelles.unionsyndicale.eu\/en\/fiscalite-espagnole-spanish-taxation-fiscalidad-espanola\/#breadcrumb"},"inLanguage":"en-US","potentialAction":[{"@type":"ReadAction","target":["https:\/\/bruxelles.unionsyndicale.eu\/en\/fiscalite-espagnole-spanish-taxation-fiscalidad-espanola\/"]}]},{"@type":"ImageObject","inLanguage":"en-US","@id":"https:\/\/bruxelles.unionsyndicale.eu\/en\/fiscalite-espagnole-spanish-taxation-fiscalidad-espanola\/#primaryimage","url":"https:\/\/bruxelles.unionsyndicale.eu\/wp-content\/uploads\/2019\/06\/AdobeStock_91815945-scaled.jpeg","contentUrl":"https:\/\/bruxelles.unionsyndicale.eu\/wp-content\/uploads\/2019\/06\/AdobeStock_91815945-scaled.jpeg","width":2560,"height":1696,"caption":"Spain flag waving on the sky. Spain symbol"},{"@type":"BreadcrumbList","@id":"https:\/\/bruxelles.unionsyndicale.eu\/en\/fiscalite-espagnole-spanish-taxation-fiscalidad-espanola\/#breadcrumb","itemListElement":[{"@type":"ListItem","position":1,"name":"Home","item":"https:\/\/bruxelles.unionsyndicale.eu\/en\/"},{"@type":"ListItem","position":2,"name":"Fiscalit\u00e9 espagnole &#8211; Spanish taxation \u2013 Fiscalidad Espa\u00f1ola"}]},{"@type":"WebSite","@id":"https:\/\/bruxelles.unionsyndicale.eu\/en\/#website","url":"https:\/\/bruxelles.unionsyndicale.eu\/en\/","name":"Union Syndicale Bruxelles","description":"Partageons l&#039;exp\u00e9rience construisons la solidarit\u00e9","potentialAction":[{"@type":"SearchAction","target":{"@type":"EntryPoint","urlTemplate":"https:\/\/bruxelles.unionsyndicale.eu\/en\/?s={search_term_string}"},"query-input":{"@type":"PropertyValueSpecification","valueRequired":true,"valueName":"search_term_string"}}],"inLanguage":"en-US"},{"@type":"Person","@id":"https:\/\/bruxelles.unionsyndicale.eu\/en\/#\/schema\/person\/1f54b67cf7545ab1a09c045a5ea7305f","name":"Editor","image":{"@type":"ImageObject","inLanguage":"en-US","@id":"https:\/\/secure.gravatar.com\/avatar\/22f880371df236225c024d6f45b43e72df0e2e99b74db7719f50c1162d0a5146?s=96&d=mm&r=g","url":"https:\/\/secure.gravatar.com\/avatar\/22f880371df236225c024d6f45b43e72df0e2e99b74db7719f50c1162d0a5146?s=96&d=mm&r=g","contentUrl":"https:\/\/secure.gravatar.com\/avatar\/22f880371df236225c024d6f45b43e72df0e2e99b74db7719f50c1162d0a5146?s=96&d=mm&r=g","caption":"Editor"},"url":"https:\/\/bruxelles.unionsyndicale.eu\/en\/author\/asmayani-kusrini\/"}]}},"_links":{"self":[{"href":"https:\/\/bruxelles.unionsyndicale.eu\/en\/wp-json\/wp\/v2\/posts\/15305","targetHints":{"allow":["GET"]}}],"collection":[{"href":"https:\/\/bruxelles.unionsyndicale.eu\/en\/wp-json\/wp\/v2\/posts"}],"about":[{"href":"https:\/\/bruxelles.unionsyndicale.eu\/en\/wp-json\/wp\/v2\/types\/post"}],"author":[{"embeddable":true,"href":"https:\/\/bruxelles.unionsyndicale.eu\/en\/wp-json\/wp\/v2\/users\/2"}],"replies":[{"embeddable":true,"href":"https:\/\/bruxelles.unionsyndicale.eu\/en\/wp-json\/wp\/v2\/comments?post=15305"}],"version-history":[{"count":1,"href":"https:\/\/bruxelles.unionsyndicale.eu\/en\/wp-json\/wp\/v2\/posts\/15305\/revisions"}],"predecessor-version":[{"id":15306,"href":"https:\/\/bruxelles.unionsyndicale.eu\/en\/wp-json\/wp\/v2\/posts\/15305\/revisions\/15306"}],"wp:featuredmedia":[{"embeddable":true,"href":"https:\/\/bruxelles.unionsyndicale.eu\/en\/wp-json\/wp\/v2\/media\/15302"}],"wp:attachment":[{"href":"https:\/\/bruxelles.unionsyndicale.eu\/en\/wp-json\/wp\/v2\/media?parent=15305"}],"wp:term":[{"taxonomy":"category","embeddable":true,"href":"https:\/\/bruxelles.unionsyndicale.eu\/en\/wp-json\/wp\/v2\/categories?post=15305"},{"taxonomy":"post_tag","embeddable":true,"href":"https:\/\/bruxelles.unionsyndicale.eu\/en\/wp-json\/wp\/v2\/tags?post=15305"},{"taxonomy":"dossier-special","embeddable":true,"href":"https:\/\/bruxelles.unionsyndicale.eu\/en\/wp-json\/wp\/v2\/dossier-special?post=15305"}],"curies":[{"name":"wp","href":"https:\/\/api.w.org\/{rel}","templated":true}]}}